{"id":710,"date":"2023-04-21T22:17:06","date_gmt":"2023-04-21T20:17:06","guid":{"rendered":"https:\/\/motylek.com.pl\/?p=710"},"modified":"2023-04-21T22:17:08","modified_gmt":"2023-04-21T20:17:08","slug":"konkurs-policjant-ktory-mi-pomogl","status":"publish","type":"post","link":"https:\/\/motylek.com.pl\/index.php\/2023\/04\/21\/konkurs-policjant-ktory-mi-pomogl\/","title":{"rendered":"Konkurs \u201ePolicjant, kt\u00f3ry mi pom\u00f3g\u0142\u201d"},"content":{"rendered":"\n<p>Biuro Prewencji Komendy G\u0142\u00f3wnej Policji og\u0142osi\u0142o og\u00f3lnopolski konkurs pod nazw\u0105 \u201ePolicjant, kt\u00f3ry mi pom\u00f3g\u0142\u201d, kt\u00f3rego celem jest promowanie postaw i umiej\u0119tno\u015bci policjant\u00f3w zaanga\u017cowanych w pomoc osobom krzywdzonym oraz wyr\u00f3\u017cnienie funkcjonariuszy, kt\u00f3rzy wykazuj\u0105 si\u0119 profesjonalizmem, empati\u0105 i umiej\u0119tno\u015bciami w obszarze indywidualnej pomocy.<\/p>\n\n\n\n<p>Konkurs ma na celu poddanie dzia\u0142a\u0144 polskiej Policji spo\u0142ecznej ocenie oraz wyr\u00f3\u017cnienie funkcjonariuszy, kt\u00f3rzy przyczyniaj\u0105 si\u0119 do budowania lokalnego systemu pomocy osobom pokrzywdzonym.<\/p>\n\n\n\n<p>Osoby indywidualne, instytucje oraz organizacje mog\u0105 zg\u0142asza\u0107 policjant\u00f3w do konkursu poprzez wype\u0142nienie formularza zg\u0142oszeniowego i przes\u0142anie go na adres poczty elektronicznej <a href=\"mailto:policjantktorymipomogl@policja.gov.pl\">policjantktorymipomogl@policja.gov.pl<\/a>. Termin nadsy\u0142ania zg\u0142osze\u0144 up\u0142ywa 31 maja 2023 roku.<\/p>\n\n\n\n<p>Laureat\u00f3w konkursu wybiera Komisja, w sk\u0142ad kt\u00f3rej wchodzi przedstawiciel Biura Prewencji Komendy G\u0142\u00f3wnej Policji oraz laureaci trzech ostatnich edycji konkursu. Podczas wy\u0142aniania zwyci\u0119zc\u00f3w, brane pod uwag\u0119 b\u0119d\u0105 zaanga\u017cowanie w dzia\u0142ania na rzecz poprawy bezpiecze\u0144stwa obywateli oraz do\u015bwiadczenie i zaanga\u017cowanie w pomoc osobom krzywdzonym.<\/p>\n\n\n\n<p>Nominacja policjanta do konkursu jest szczeg\u00f3lnym wyr\u00f3\u017cnieniem, kt\u00f3re potwierdza aprob\u0119 spo\u0142eczno\u015bci lokalnej dla inicjatyw podejmowanych przez policj\u0119 na rzecz bezpiecze\u0144stwa os\u00f3b. Laureaci otrzymaj\u0105 wyj\u0105tkowy dow\u00f3d uznania spo\u0142eczno\u015bci oraz wyr\u00f3\u017cnienie za profesjonalizm i determinacj\u0119 w dzia\u0142aniach podejmowanych na rzecz pomocy osobom pokrzywdzonym przest\u0119pstwem lub poszkodowanym w wyniku nieszcz\u0119\u015bliwych wypadk\u00f3w.<\/p>\n","protected":false},"excerpt":{"rendered":"<p>Biuro Prewencji Komendy G\u0142\u00f3wnej Policji og\u0142osi\u0142o og\u00f3lnopolski konkurs pod nazw\u0105 \u201ePolicjant, kt\u00f3ry mi pom\u00f3g\u0142\u201d, kt\u00f3rego celem jest promowanie postaw i umiej\u0119tno\u015bci policjant\u00f3w zaanga\u017cowanych w pomoc osobom krzywdzonym oraz wyr\u00f3\u017cnienie funkcjonariuszy, kt\u00f3rzy wykazuj\u0105 si\u0119 profesjonalizmem, empati\u0105 i umiej\u0119tno\u015bciami w obszarze indywidualnej pomocy. Konkurs ma na celu poddanie dzia\u0142a\u0144 polskiej Policji spo\u0142ecznej ocenie oraz wyr\u00f3\u017cnienie funkcjonariuszy, kt\u00f3rzy&#8230;<\/p>\n","protected":false},"author":1,"featured_media":711,"comment_status":"open","ping_status":"open","sticky":false,"template":"","format":"standard","meta":{"_eb_attr":"","_kad_post_transparent":"","_kad_post_title":"","_kad_post_layout":"","_kad_post_sidebar_id":"","_kad_post_content_style":"","_kad_post_vertical_padding":"","_kad_post_feature":"","_kad_post_feature_position":"","_kad_post_header":false,"_kad_post_footer":false,"footnotes":""},"categories":[7],"tags":[],"class_list":["post-710","post","type-post","status-publish","format-standard","has-post-thumbnail","hentry","category-nasz-region"],"_links":{"self":[{"href":"https:\/\/motylek.com.pl\/index.php\/wp-json\/wp\/v2\/posts\/710","targetHints":{"allow":["GET"]}}],"collection":[{"href":"https:\/\/motylek.com.pl\/index.php\/wp-json\/wp\/v2\/posts"}],"about":[{"href":"https:\/\/motylek.com.pl\/index.php\/wp-json\/wp\/v2\/types\/post"}],"author":[{"embeddable":true,"href":"https:\/\/motylek.com.pl\/index.php\/wp-json\/wp\/v2\/users\/1"}],"replies":[{"embeddable":true,"href":"https:\/\/motylek.com.pl\/index.php\/wp-json\/wp\/v2\/comments?post=710"}],"version-history":[{"count":1,"href":"https:\/\/motylek.com.pl\/index.php\/wp-json\/wp\/v2\/posts\/710\/revisions"}],"predecessor-version":[{"id":713,"href":"https:\/\/motylek.com.pl\/index.php\/wp-json\/wp\/v2\/posts\/710\/revisions\/713"}],"wp:featuredmedia":[{"embeddable":true,"href":"https:\/\/motylek.com.pl\/index.php\/wp-json\/wp\/v2\/media\/711"}],"wp:attachment":[{"href":"https:\/\/motylek.com.pl\/index.php\/wp-json\/wp\/v2\/media?parent=710"}],"wp:term":[{"taxonomy":"category","embeddable":true,"href":"https:\/\/motylek.com.pl\/index.php\/wp-json\/wp\/v2\/categories?post=710"},{"taxonomy":"post_tag","embeddable":true,"href":"https:\/\/motylek.com.pl\/index.php\/wp-json\/wp\/v2\/tags?post=710"}],"curies":[{"name":"wp","href":"https:\/\/api.w.org\/{rel}","templated":true}]}}